{"id":115,"date":"2017-09-07T19:44:10","date_gmt":"2017-09-07T17:44:10","guid":{"rendered":"http:\/\/silawielkichpolakow.pl\/?p=115"},"modified":"2017-09-07T19:49:20","modified_gmt":"2017-09-07T17:49:20","slug":"uroczystosci-jubileuszowe-w-chelmie-na-styku-granic","status":"publish","type":"post","link":"http:\/\/silawielkichpolakow.pl\/index.php\/2017\/09\/07\/uroczystosci-jubileuszowe-w-chelmie-na-styku-granic\/","title":{"rendered":"UROCZYSTO\u015aCI JUBILEUSZOWE W CHE\u0141MIE NA STYKU GRANIC"},"content":{"rendered":"<p>Jubileusz 100-lecia istnienia Zgromadzenia prze\u017cywamy w r\u00f3\u017cnych miejscach naszego pos\u0142ugiwania. Jednak\u017ce szczeg\u00f3ln\u0105 okazj\u0105 do ekspozycji za\u0142o\u017ce\u0144 projektowych &#8211; ukazuj\u0105cych SI\u0141\u0118 WIELKICH POLAK\u00d3W \u2013 jest dzie\u0144 8 wrze\u015bnia 2017 r. tego dnia, w Che\u0142mie \u2013 po\u0142o\u017conym nieopodal granicy z Ukrain\u0105 \u2013 b\u0119dziemy celebrowa\u0107 lokalne uroczysto\u015bci. Miejsce i wydarzenie szczeg\u00f3lne, ukazuj\u0105ce \u0142\u0105czno\u015b\u0107 narod\u00f3w i kultur, wyra\u017cone r\u00f3wnie\u017c fizycznie &#8211; przez obecno\u015b\u0107 i przewodniczenie uroczysto\u015bciom \u2013 w osobie biskupa \u0142uckiego Witalija Skomarowskiego. Serdecznie zapraszamy (Che\u0142m, ul. Lubelska 2)<\/p>\n","protected":false},"excerpt":{"rendered":"<p>Jubileusz 100-lecia istnienia Zgromadzenia prze\u017cywamy w r\u00f3\u017cnych miejscach naszego pos\u0142ugiwania. Jednak\u017ce szczeg\u00f3ln\u0105 okazj\u0105 do ekspozycji za\u0142o\u017ce\u0144 projektowych &#8211; ukazuj\u0105cych SI\u0141\u0118 WIELKICH POLAK\u00d3W \u2013 jest dzie\u0144 8<span class=\"excerpt-hellip\"> [\u2026]<\/span><\/p>\n","protected":false},"author":1,"featured_media":0,"comment_status":"open","ping_status":"open","sticky":false,"template":"","format":"standard","meta":[],"categories":[11],"tags":[],"_links":{"self":[{"href":"http:\/\/silawielkichpolakow.pl\/index.php\/wp-json\/wp\/v2\/posts\/115"}],"collection":[{"href":"http:\/\/silawielkichpolakow.pl\/index.php\/wp-json\/wp\/v2\/posts"}],"about":[{"href":"http:\/\/silawielkichpolakow.pl\/index.php\/wp-json\/wp\/v2\/types\/post"}],"author":[{"embeddable":true,"href":"http:\/\/silawielkichpolakow.pl\/index.php\/wp-json\/wp\/v2\/users\/1"}],"replies":[{"embeddable":true,"href":"http:\/\/silawielkichpolakow.pl\/index.php\/wp-json\/wp\/v2\/comments?post=115"}],"version-history":[{"count":1,"href":"http:\/\/silawielkichpolakow.pl\/index.php\/wp-json\/wp\/v2\/posts\/115\/revisions"}],"predecessor-version":[{"id":116,"href":"http:\/\/silawielkichpolakow.pl\/index.php\/wp-json\/wp\/v2\/posts\/115\/revisions\/116"}],"wp:attachment":[{"href":"http:\/\/silawielkichpolakow.pl\/index.php\/wp-json\/wp\/v2\/media?parent=115"}],"wp:term":[{"taxonomy":"category","embeddable":true,"href":"http:\/\/silawielkichpolakow.pl\/index.php\/wp-json\/wp\/v2\/categories?post=115"},{"taxonomy":"post_tag","embeddable":true,"href":"http:\/\/silawielkichpolakow.pl\/index.php\/wp-json\/wp\/v2\/tags?post=115"}],"curies":[{"name":"wp","href":"https:\/\/api.w.org\/{rel}","templated":true}]}}