{"id":113,"date":"2017-09-07T19:43:24","date_gmt":"2017-09-07T17:43:24","guid":{"rendered":"http:\/\/silawielkichpolakow.pl\/?p=113"},"modified":"2017-09-07T19:49:29","modified_gmt":"2017-09-07T17:49:29","slug":"uroczystosci-jubileuszowe-w-lucku","status":"publish","type":"post","link":"http:\/\/silawielkichpolakow.pl\/index.php\/2017\/09\/07\/uroczystosci-jubileuszowe-w-lucku\/","title":{"rendered":"UROCZYSTO\u015aCI JUBILEUSZOWE W \u0141UCKU"},"content":{"rendered":"<p>Ju\u017c dzi\u015b pragniemy zaprosi\u0107 do wzi\u0119cia udzia\u0142u w g\u0142\u00f3wnym wydarzeniu jubileuszowym na Kresach Wschodnich, a dla nas \u2013 w szczeg\u00f3lnym mie\u015bcie zwi\u0105zanym z Osob\u0105 naszej Za\u0142o\u017cycielki. Dnia 1 pa\u017adziernika 2017 r. w katedrze w \u0141ucku b\u0119dzie sprawowana uroczysta Msza sw. Tego dnia nawiedzimy r\u00f3wnie\u017c park miejski \u2013 dawny cmentarz \u2013 gdzie spoczywaj\u0105 doczesne szcz\u0105tki naszej Za\u0142o\u017cycielki. Cho\u0107 nadal nie znamy dok\u0142adnego miejsca, to w symbolicznym ge\u015bcie, obecno\u015bci i modlitwie, chcemy podzi\u0119kowa\u0107 Bogu za Jej \u017cycie i dzie\u0142o, potwierdzaj\u0105ce SI\u0141\u0118 WIELKICH POLAK\u00d3W.<\/p>\n","protected":false},"excerpt":{"rendered":"<p>Ju\u017c dzi\u015b pragniemy zaprosi\u0107 do wzi\u0119cia udzia\u0142u w g\u0142\u00f3wnym wydarzeniu jubileuszowym na Kresach Wschodnich, a dla nas \u2013 w szczeg\u00f3lnym mie\u015bcie zwi\u0105zanym z Osob\u0105 naszej Za\u0142o\u017cycielki.<span class=\"excerpt-hellip\"> [\u2026]<\/span><\/p>\n","protected":false},"author":1,"featured_media":0,"comment_status":"open","ping_status":"open","sticky":false,"template":"","format":"standard","meta":[],"categories":[11],"tags":[],"_links":{"self":[{"href":"http:\/\/silawielkichpolakow.pl\/index.php\/wp-json\/wp\/v2\/posts\/113"}],"collection":[{"href":"http:\/\/silawielkichpolakow.pl\/index.php\/wp-json\/wp\/v2\/posts"}],"about":[{"href":"http:\/\/silawielkichpolakow.pl\/index.php\/wp-json\/wp\/v2\/types\/post"}],"author":[{"embeddable":true,"href":"http:\/\/silawielkichpolakow.pl\/index.php\/wp-json\/wp\/v2\/users\/1"}],"replies":[{"embeddable":true,"href":"http:\/\/silawielkichpolakow.pl\/index.php\/wp-json\/wp\/v2\/comments?post=113"}],"version-history":[{"count":1,"href":"http:\/\/silawielkichpolakow.pl\/index.php\/wp-json\/wp\/v2\/posts\/113\/revisions"}],"predecessor-version":[{"id":114,"href":"http:\/\/silawielkichpolakow.pl\/index.php\/wp-json\/wp\/v2\/posts\/113\/revisions\/114"}],"wp:attachment":[{"href":"http:\/\/silawielkichpolakow.pl\/index.php\/wp-json\/wp\/v2\/media?parent=113"}],"wp:term":[{"taxonomy":"category","embeddable":true,"href":"http:\/\/silawielkichpolakow.pl\/index.php\/wp-json\/wp\/v2\/categories?post=113"},{"taxonomy":"post_tag","embeddable":true,"href":"http:\/\/silawielkichpolakow.pl\/index.php\/wp-json\/wp\/v2\/tags?post=113"}],"curies":[{"name":"wp","href":"https:\/\/api.w.org\/{rel}","templated":true}]}}